{"id":1118,"date":"2009-11-26T16:45:49","date_gmt":"2009-11-26T14:45:49","guid":{"rendered":"http:\/\/alpoma.net\/carto\/?p=1118"},"modified":"2009-11-26T16:45:49","modified_gmt":"2009-11-26T14:45:49","slug":"relojes-de-pared-con-motivos-cartograficos","status":"publish","type":"post","link":"https:\/\/alpoma.net\/carto\/?p=1118","title":{"rendered":"Relojes de pared con motivos cartogr\u00e1ficos"},"content":{"rendered":"<p>La gente de <strong><a href=\"http:\/\/www.fluid-forms.com\/\" class=\"enlaces\">Fluid Forms<\/a><\/strong> no deja de sorprender. Su nueva propuesta consiste en crear <strong><a href=\"http:\/\/www.fluid-forms.com\/design-your-own\/streets-clock-personalized-wall-clock\" class=\"enlaces\">relojes de pared con fondos a medida<\/a><\/strong> partiendo de tramas urbanas importadas de <strong><a href=\"http:\/\/www.openstreetmap.org\/\" class=\"enlaces\">OpenStreetMap<\/a><\/strong>. Sin duda, algo a lo que no puede resistirse un <em>cartoadicto<\/em>. \ud83d\ude09<\/p>\n<p><img decoding=\"async\" src=\"http:\/\/farm3.static.flickr.com\/2645\/4136127596_023e6ccb55_o.jpg\" alt=\"img\" \/><\/p>\n<p><a href=\"http:\/\/www.opengeodata.org\/2009\/11\/25\/openstreetmap-clocks\/\">| V\u00eda OpenGeoData |<\/a><\/p>\n","protected":false},"excerpt":{"rendered":"<div class=\"mh-excerpt\"><p>La gente de Fluid Forms no deja de sorprender. Su nueva propuesta consiste en crear relojes de pared con fondos a medida partiendo de tramas <a class=\"mh-excerpt-more\" href=\"https:\/\/alpoma.net\/carto\/?p=1118\" title=\"Relojes de pared con motivos cartogr\u00e1ficos\">[&#8230;]<\/a><\/p>\n<\/div>","protected":false},"author":1,"featured_media":4459,"comment_status":"open","ping_status":"open","sticky":false,"template":"","format":"standard","meta":{"jetpack_post_was_ever_published":false,"_jetpack_newsletter_access":"","_jetpack_dont_email_post_to_subs":false,"_jetpack_newsletter_tier_id":0,"_jetpack_memberships_contains_paywalled_content":false,"_jetpack_memberships_contains_paid_content":false,"footnotes":""},"categories":[1],"tags":[],"class_list":["post-1118","post","type-post","status-publish","format-standard","has-post-thumbnail","hentry","category-general"],"jetpack_featured_media_url":"https:\/\/alpoma.net\/carto\/wp-content\/uploads\/2009\/11\/4136127596_023e6ccb55_o.jpg","jetpack_shortlink":"https:\/\/wp.me\/p93Co9-i2","jetpack-related-posts":[{"id":6739,"url":"https:\/\/alpoma.net\/carto\/?p=6739","url_meta":{"origin":1118,"position":0},"title":"Y el pa\u00eds m\u00e1s olvidado en los mapas es&#8230; Nueva Zelanda","author":"alpoma","date":"noviembre 18, 2017","format":false,"excerpt":"El lunes pasado me llam\u00f3 la atenci\u00f3n un gran mapa mural del mundo que decoraba la parte dedicada a viajes en un centro comercial. No quedaba nada mal, el mapa era bastante bueno, con cierto detalle y buen gusto en las tipograf\u00edas y los colores empleados. Sin embargo, como en\u2026","rel":"","context":"En \u00abCartograf\u00eda\u00bb","block_context":{"text":"Cartograf\u00eda","link":"https:\/\/alpoma.net\/carto\/?cat=9"},"img":{"alt_text":"","src":"https:\/\/i0.wp.com\/alpoma.net\/carto\/wp-content\/uploads\/2017\/11\/nzn.jpg?resize=350%2C200&ssl=1","width":350,"height":200},"classes":[]},{"id":6884,"url":"https:\/\/alpoma.net\/carto\/?p=6884","url_meta":{"origin":1118,"position":1},"title":"Minimal Geography","author":"alpoma","date":"marzo 19, 2018","format":false,"excerpt":"All\u00e1 por 2010 dise\u00f1\u00e9 una serie de p\u00f3sters cartogr\u00e1ficos para lo que iba a ser una colecci\u00f3n muy personal, repleta de curiosidades geogr\u00e1ficas. Como siempre, la falta de tiempo, que siempre hay que dedicar a proyectos de trabajo m\u00e1s serios, hizo que aparcara ese proyecto (algunos bocetos pueden verse todav\u00eda\u2026","rel":"","context":"En \u00abMiscel\u00e1nea\u00bb","block_context":{"text":"Miscel\u00e1nea","link":"https:\/\/alpoma.net\/carto\/?cat=1"},"img":{"alt_text":"","src":"https:\/\/i0.wp.com\/alpoma.net\/carto\/wp-content\/uploads\/2018\/03\/Captura-de-pantalla-2018-03-17-a-las-17.30.11.png?resize=350%2C200&ssl=1","width":350,"height":200,"srcset":"https:\/\/i0.wp.com\/alpoma.net\/carto\/wp-content\/uploads\/2018\/03\/Captura-de-pantalla-2018-03-17-a-las-17.30.11.png?resize=350%2C200&ssl=1 1x, https:\/\/i0.wp.com\/alpoma.net\/carto\/wp-content\/uploads\/2018\/03\/Captura-de-pantalla-2018-03-17-a-las-17.30.11.png?resize=525%2C300&ssl=1 1.5x, https:\/\/i0.wp.com\/alpoma.net\/carto\/wp-content\/uploads\/2018\/03\/Captura-de-pantalla-2018-03-17-a-las-17.30.11.png?resize=700%2C400&ssl=1 2x, https:\/\/i0.wp.com\/alpoma.net\/carto\/wp-content\/uploads\/2018\/03\/Captura-de-pantalla-2018-03-17-a-las-17.30.11.png?resize=1050%2C600&ssl=1 3x, https:\/\/i0.wp.com\/alpoma.net\/carto\/wp-content\/uploads\/2018\/03\/Captura-de-pantalla-2018-03-17-a-las-17.30.11.png?resize=1400%2C800&ssl=1 4x"},"classes":[]},{"id":6958,"url":"https:\/\/alpoma.net\/carto\/?p=6958","url_meta":{"origin":1118,"position":2},"title":"Sobre la primera medici\u00f3n de la altitud del pico del Teide","author":"alpoma","date":"mayo 10, 2018","format":false,"excerpt":"El s\u00edmbolo arquitect\u00f3nico m\u00e1s conocido de Par\u00eds, la capital francesa, es sin duda la torre Eiffel. Todo el mundo ha contemplado su silueta, ya sea al natural o en una postal, una revista o en la televisi\u00f3n. Lo que no es tan conocido es que el propio Gustave Eiffel encarg\u00f3\u2026","rel":"","context":"En \u00abGeograf\u00eda\u00bb","block_context":{"text":"Geograf\u00eda","link":"https:\/\/alpoma.net\/carto\/?cat=7"},"img":{"alt_text":"","src":"https:\/\/i0.wp.com\/alpoma.net\/carto\/wp-content\/uploads\/2018\/05\/caballero-de-borda.jpg?resize=350%2C200&ssl=1","width":350,"height":200,"srcset":"https:\/\/i0.wp.com\/alpoma.net\/carto\/wp-content\/uploads\/2018\/05\/caballero-de-borda.jpg?resize=350%2C200&ssl=1 1x, https:\/\/i0.wp.com\/alpoma.net\/carto\/wp-content\/uploads\/2018\/05\/caballero-de-borda.jpg?resize=525%2C300&ssl=1 1.5x, https:\/\/i0.wp.com\/alpoma.net\/carto\/wp-content\/uploads\/2018\/05\/caballero-de-borda.jpg?resize=700%2C400&ssl=1 2x, https:\/\/i0.wp.com\/alpoma.net\/carto\/wp-content\/uploads\/2018\/05\/caballero-de-borda.jpg?resize=1050%2C600&ssl=1 3x"},"classes":[]},{"id":7874,"url":"https:\/\/alpoma.net\/carto\/?p=7874","url_meta":{"origin":1118,"position":3},"title":"El cosm\u00f3grafo Alonso de Santa Cruz y los mapas secretos","author":"alpoma","date":"junio 24, 2024","format":false,"excerpt":"Alonso de Santa Cruz, nacido en Sevilla en 1505, pas\u00f3 media vida creando mapas y es un caso sobresaliente por ser un adelantado en varios campos, aunque hoy en d\u00eda apenas se le recuerde. Adem\u00e1s de las obras hist\u00f3ricas que public\u00f3, su trabajo era el de cosm\u00f3grafo, que era la\u2026","rel":"","context":"En \u00abViejos mapas\u00bb","block_context":{"text":"Viejos mapas","link":"https:\/\/alpoma.net\/carto\/?cat=4"},"img":{"alt_text":"","src":"https:\/\/i0.wp.com\/alpoma.net\/carto\/wp-content\/uploads\/2024\/06\/a2.png?resize=350%2C200&ssl=1","width":350,"height":200,"srcset":"https:\/\/i0.wp.com\/alpoma.net\/carto\/wp-content\/uploads\/2024\/06\/a2.png?resize=350%2C200&ssl=1 1x, https:\/\/i0.wp.com\/alpoma.net\/carto\/wp-content\/uploads\/2024\/06\/a2.png?resize=525%2C300&ssl=1 1.5x"},"classes":[]},{"id":7116,"url":"https:\/\/alpoma.net\/carto\/?p=7116","url_meta":{"origin":1118,"position":4},"title":"El Imperio Romano en forma de red de metro","author":"alpoma","date":"agosto 18, 2018","format":false,"excerpt":"Creo que coment\u00e9 en redes sociales algo sobre el primero de los mapas de este tipo que public\u00f3 el dise\u00f1ador Sasha Trubetskoy, pero se me pas\u00f3 referenciarlo en La Cartoteca. Recientemente Sasha ha publicado el tercero de la serie, as\u00ed que es una buena oportunidad para mencionarlo. Se trata de\u2026","rel":"","context":"En \u00abExperimentos\u00bb","block_context":{"text":"Experimentos","link":"https:\/\/alpoma.net\/carto\/?cat=10"},"img":{"alt_text":"","src":"https:\/\/i0.wp.com\/alpoma.net\/carto\/wp-content\/uploads\/2018\/08\/calzadas-romanas-italia-Sasha-Trubetskoy.png?resize=350%2C200&ssl=1","width":350,"height":200,"srcset":"https:\/\/i0.wp.com\/alpoma.net\/carto\/wp-content\/uploads\/2018\/08\/calzadas-romanas-italia-Sasha-Trubetskoy.png?resize=350%2C200&ssl=1 1x, https:\/\/i0.wp.com\/alpoma.net\/carto\/wp-content\/uploads\/2018\/08\/calzadas-romanas-italia-Sasha-Trubetskoy.png?resize=525%2C300&ssl=1 1.5x, https:\/\/i0.wp.com\/alpoma.net\/carto\/wp-content\/uploads\/2018\/08\/calzadas-romanas-italia-Sasha-Trubetskoy.png?resize=700%2C400&ssl=1 2x, https:\/\/i0.wp.com\/alpoma.net\/carto\/wp-content\/uploads\/2018\/08\/calzadas-romanas-italia-Sasha-Trubetskoy.png?resize=1050%2C600&ssl=1 3x, https:\/\/i0.wp.com\/alpoma.net\/carto\/wp-content\/uploads\/2018\/08\/calzadas-romanas-italia-Sasha-Trubetskoy.png?resize=1400%2C800&ssl=1 4x"},"classes":[]},{"id":357,"url":"https:\/\/alpoma.net\/carto\/?p=357","url_meta":{"origin":1118,"position":5},"title":"\u00bfEs m\u00e1s largo el Amazonas que el Nilo?","author":"alpoma","date":"junio 23, 2007","format":false,"excerpt":"Hoy toca mirarse un poco al espejo. En la edici\u00f3n de hoy de La Raz\u00f3n, aparece un art\u00edculo de Ernesto Villar en el que es citado el presente blog... ;) \u00bfEs m\u00e1s largo el Amazonas que el Nilo? La pol\u00e9mica sobre cu\u00e1l es el r\u00edo m\u00e1s largo del mundo no\u2026","rel":"","context":"En \u00abGeograf\u00eda\u00bb","block_context":{"text":"Geograf\u00eda","link":"https:\/\/alpoma.net\/carto\/?cat=7"},"img":{"alt_text":"","src":"","width":0,"height":0},"classes":[]}],"jetpack_sharing_enabled":true,"_links":{"self":[{"href":"https:\/\/alpoma.net\/carto\/index.php?rest_route=\/wp\/v2\/posts\/1118","targetHints":{"allow":["GET"]}}],"collection":[{"href":"https:\/\/alpoma.net\/carto\/index.php?rest_route=\/wp\/v2\/posts"}],"about":[{"href":"https:\/\/alpoma.net\/carto\/index.php?rest_route=\/wp\/v2\/types\/post"}],"author":[{"embeddable":true,"href":"https:\/\/alpoma.net\/carto\/index.php?rest_route=\/wp\/v2\/users\/1"}],"replies":[{"embeddable":true,"href":"https:\/\/alpoma.net\/carto\/index.php?rest_route=%2Fwp%2Fv2%2Fcomments&post=1118"}],"version-history":[{"count":0,"href":"https:\/\/alpoma.net\/carto\/index.php?rest_route=\/wp\/v2\/posts\/1118\/revisions"}],"wp:featuredmedia":[{"embeddable":true,"href":"https:\/\/alpoma.net\/carto\/index.php?rest_route=\/wp\/v2\/media\/4459"}],"wp:attachment":[{"href":"https:\/\/alpoma.net\/carto\/index.php?rest_route=%2Fwp%2Fv2%2Fmedia&parent=1118"}],"wp:term":[{"taxonomy":"category","embeddable":true,"href":"https:\/\/alpoma.net\/carto\/index.php?rest_route=%2Fwp%2Fv2%2Fcategories&post=1118"},{"taxonomy":"post_tag","embeddable":true,"href":"https:\/\/alpoma.net\/carto\/index.php?rest_route=%2Fwp%2Fv2%2Ftags&post=1118"}],"curies":[{"name":"wp","href":"https:\/\/api.w.org\/{rel}","templated":true}]}}