{"id":111,"date":"2006-02-14T15:59:29","date_gmt":"2006-02-14T13:59:29","guid":{"rendered":"http:\/\/alpoma.net\/carto\/?p=111"},"modified":"2006-02-14T15:59:56","modified_gmt":"2006-02-14T13:59:56","slug":"cartografia-tridimensional-de-nunavut","status":"publish","type":"post","link":"https:\/\/alpoma.net\/carto\/?p=111","title":{"rendered":"Cartograf\u00eda tridimensional de  Nunavut"},"content":{"rendered":"<p><img decoding=\"async\" src=\"http:\/\/static.flickr.com\/14\/99674502_ca113730b5_o.jpg\" alt=\"carto 3d\" class=\"dch\"\/>El sistema de radares gemelos de la Agencia Espacial Europea ERS est\u00e1 ofreciendo muy buenos resultados en cuanto a la generaci\u00f3n de cartograf\u00eda en tres dimensiones. Como muestra, el ejemplo ofrecido por la ESA de los mapas en 3D de la regi\u00f3n canadiense de <a href=\"http:\/\/es.wikipedia.org\/wiki\/Nunavut\">Nunavut<\/a>, el mayor y m\u00e1s reciente de los Territorios Aut\u00f3nomos de Canad\u00e1. <\/p>\n<p>Informaci\u00f3n detallada en:<br \/>\n&#8211;> <strong><a href=\"http:\/\/www.esa.int\/esaCP\/SEMDKSLVGJE_index_0.html\">Double views from ERS tandem mission adding depth to Canadian wilderness maps<\/a><\/strong><\/p>\n","protected":false},"excerpt":{"rendered":"<div class=\"mh-excerpt\"><p>El sistema de radares gemelos de la Agencia Espacial Europea ERS est\u00e1 ofreciendo muy buenos resultados en cuanto a la generaci\u00f3n de cartograf\u00eda en tres <a class=\"mh-excerpt-more\" href=\"https:\/\/alpoma.net\/carto\/?p=111\" title=\"Cartograf\u00eda tridimensional de  Nunavut\">[&#8230;]<\/a><\/p>\n<\/div>","protected":false},"author":1,"featured_media":0,"comment_status":"open","ping_status":"open","sticky":false,"template":"","format":"standard","meta":{"jetpack_post_was_ever_published":false,"_jetpack_newsletter_access":"","_jetpack_dont_email_post_to_subs":false,"_jetpack_newsletter_tier_id":0,"_jetpack_memberships_contains_paywalled_content":false,"_jetpack_memberships_contains_paid_content":false,"footnotes":""},"categories":[9,3],"tags":[],"class_list":["post-111","post","type-post","status-publish","format-standard","hentry","category-cartografia","category-teledeteccion"],"jetpack_featured_media_url":"","jetpack_shortlink":"https:\/\/wp.me\/p93Co9-1N","jetpack-related-posts":[{"id":3244,"url":"https:\/\/alpoma.net\/carto\/?p=3244","url_meta":{"origin":111,"position":0},"title":"V Encuentro del Grupo de Trabajo de Cartotecas P\u00fablicas Hispano-Luso (IBERCARTO)","author":"alpoma","date":"marzo 28, 2012","format":false,"excerpt":"Me hago eco de la siguiente convocatoria que con seguridad interesar\u00e1 a muchos lectores de La Cartoteca: EL V ENCUENTRO DEL GRUPO DE CARTOTECAS IBERCARTO TENDR\u00c1 LUGAR EN SANTANDER EL 4 Y 5 DE OCTUBRE. La tem\u00e1tica general girar\u00e1 en torno al tema \u201cLa globalizaci\u00f3n de la Cartograf\u00eda\u201d. El Departamento\u2026","rel":"","context":"En \u00abCartograf\u00eda\u00bb","block_context":{"text":"Cartograf\u00eda","link":"https:\/\/alpoma.net\/carto\/?cat=9"},"img":{"alt_text":"","src":"","width":0,"height":0},"classes":[]},{"id":110,"url":"https:\/\/alpoma.net\/carto\/?p=110","url_meta":{"origin":111,"position":1},"title":"Cartograf\u00eda m\u00f3vil","author":"alpoma","date":"febrero 12, 2006","format":false,"excerpt":"La cartograf\u00eda de fen\u00f3menos din\u00e1micos constituye una de las \u00e1reas m\u00e1s excitantes actualmente en cuanto a representaci\u00f3n gr\u00e1fica se refiere. He aqu\u00ed un interesante ejemplo, la cartograf\u00eda en \"tiempo real\" del volumen de tr\u00e1fico en la red de telefon\u00eda m\u00f3vil en la ciudad de Graz: --> Mobile Landscape Graz in\u2026","rel":"","context":"En \u00abCartograf\u00eda\u00bb","block_context":{"text":"Cartograf\u00eda","link":"https:\/\/alpoma.net\/carto\/?cat=9"},"img":{"alt_text":"","src":"","width":0,"height":0},"classes":[]},{"id":265,"url":"https:\/\/alpoma.net\/carto\/?p=265","url_meta":{"origin":111,"position":2},"title":"Cartograf\u00eda de conflictos","author":"alpoma","date":"octubre 2, 2006","format":false,"excerpt":"Cuando menos, resulta curioso. He aqu\u00ed una colecci\u00f3n de cartograf\u00eda interactiva (flash) relativa a conflictos b\u00e9licos: Maps of War Cada uno de los proyectos cartogr\u00e1ficos incorporados est\u00e1 dise\u00f1ado para ser \"compartido\" y, por supuesto, comentado. Un ejemplo vale por mil palabras:","rel":"","context":"En \u00abCartograf\u00eda\u00bb","block_context":{"text":"Cartograf\u00eda","link":"https:\/\/alpoma.net\/carto\/?cat=9"},"img":{"alt_text":"","src":"","width":0,"height":0},"classes":[]},{"id":291,"url":"https:\/\/alpoma.net\/carto\/?p=291","url_meta":{"origin":111,"position":3},"title":"Cartografiando la materia oscura","author":"alpoma","date":"enero 7, 2007","format":false,"excerpt":"No puede decirse que se trate de cartograf\u00eda al uso, pero ciertamente es interesante: First 3D map of the Universe\u2019s dark matter scaffolding L\u00e1stima no tener tiempo para poder comentar como merece este art\u00edculo, pero si te interesa la cartograf\u00eda espacial, seguro que no dejar\u00e1s de leerlo... ;)","rel":"","context":"En \u00abCartograf\u00eda\u00bb","block_context":{"text":"Cartograf\u00eda","link":"https:\/\/alpoma.net\/carto\/?cat=9"},"img":{"alt_text":"","src":"","width":0,"height":0},"classes":[]},{"id":46,"url":"https:\/\/alpoma.net\/carto\/?p=46","url_meta":{"origin":111,"position":4},"title":"Cartograf\u00eda del universo","author":"alpoma","date":"diciembre 11, 2005","format":false,"excerpt":"Este sitio presenta un proyecto para hacer un mapa del universo, abierto a estudiantes y profesores de todo el mundo interesados en la cartograf\u00eda estelar. Est\u00e1 redactado, en su mayor parte en ingl\u00e9s, pero cuenta con varias secciones completas en castellano: --> Sloan Digital Sky Survey","rel":"","context":"En \u00abCartograf\u00eda\u00bb","block_context":{"text":"Cartograf\u00eda","link":"https:\/\/alpoma.net\/carto\/?cat=9"},"img":{"alt_text":"","src":"","width":0,"height":0},"classes":[]},{"id":544,"url":"https:\/\/alpoma.net\/carto\/?p=544","url_meta":{"origin":111,"position":5},"title":"UUorld, m\u00e1s cartograf\u00eda tem\u00e1tica","author":"alpoma","date":"junio 4, 2008","format":false,"excerpt":"Como complemento al reciente art\u00edculo sobre cartograf\u00eda tem\u00e1tica, he aqu\u00ed una herramienta que permite realizar presentaciones en el mismo sentido, aunque en vez de tratarse de un formulario on-line, ahora estamos ante un programa de escritorio dise\u00f1ado para Mac: UUorld | Next Generation Data Visualization | V\u00eda Free Geography Tools\u2026","rel":"","context":"En \u00abCartograf\u00eda\u00bb","block_context":{"text":"Cartograf\u00eda","link":"https:\/\/alpoma.net\/carto\/?cat=9"},"img":{"alt_text":"","src":"https:\/\/i0.wp.com\/alpoma.net\/carto\/wp-content\/uploads\/2008\/06\/2551303303_891ebca128_o.jpg?resize=350%2C200&ssl=1","width":350,"height":200,"srcset":"https:\/\/i0.wp.com\/alpoma.net\/carto\/wp-content\/uploads\/2008\/06\/2551303303_891ebca128_o.jpg?resize=350%2C200&ssl=1 1x, https:\/\/i0.wp.com\/alpoma.net\/carto\/wp-content\/uploads\/2008\/06\/2551303303_891ebca128_o.jpg?resize=525%2C300&ssl=1 1.5x"},"classes":[]}],"jetpack_sharing_enabled":true,"_links":{"self":[{"href":"https:\/\/alpoma.net\/carto\/index.php?rest_route=\/wp\/v2\/posts\/111","targetHints":{"allow":["GET"]}}],"collection":[{"href":"https:\/\/alpoma.net\/carto\/index.php?rest_route=\/wp\/v2\/posts"}],"about":[{"href":"https:\/\/alpoma.net\/carto\/index.php?rest_route=\/wp\/v2\/types\/post"}],"author":[{"embeddable":true,"href":"https:\/\/alpoma.net\/carto\/index.php?rest_route=\/wp\/v2\/users\/1"}],"replies":[{"embeddable":true,"href":"https:\/\/alpoma.net\/carto\/index.php?rest_route=%2Fwp%2Fv2%2Fcomments&post=111"}],"version-history":[{"count":0,"href":"https:\/\/alpoma.net\/carto\/index.php?rest_route=\/wp\/v2\/posts\/111\/revisions"}],"wp:attachment":[{"href":"https:\/\/alpoma.net\/carto\/index.php?rest_route=%2Fwp%2Fv2%2Fmedia&parent=111"}],"wp:term":[{"taxonomy":"category","embeddable":true,"href":"https:\/\/alpoma.net\/carto\/index.php?rest_route=%2Fwp%2Fv2%2Fcategories&post=111"},{"taxonomy":"post_tag","embeddable":true,"href":"https:\/\/alpoma.net\/carto\/index.php?rest_route=%2Fwp%2Fv2%2Ftags&post=111"}],"curies":[{"name":"wp","href":"https:\/\/api.w.org\/{rel}","templated":true}]}}