{"id":1100,"date":"2009-11-18T14:25:19","date_gmt":"2009-11-18T12:25:19","guid":{"rendered":"http:\/\/alpoma.net\/carto\/?p=1100"},"modified":"2009-11-18T14:25:19","modified_gmt":"2009-11-18T12:25:19","slug":"bio-diversity-abstracciones-de-christoph-niemann","status":"publish","type":"post","link":"https:\/\/alpoma.net\/carto\/?p=1100","title":{"rendered":"Bio-Diversity, abstracciones de Christoph Niemann"},"content":{"rendered":"<p>Lo que sigue es un peque\u00f1o ejemplo de lo que pueden dar de s\u00ed unas sencillas hojas oto\u00f1ales tras pasar por las manos de un artista. Se trata de un experimento de <strong><a href=\"http:\/\/www.christophniemann.com\/\" class=\"enlaces\">Christoph Niemann<\/a><\/strong> que puede disfrutarse al completo en el <strong><a href=\"http:\/\/niemann.blogs.nytimes.com\/2009\/11\/17\/bio-diversity\/\" class=\"enlaces\">NYT<\/a><\/strong>.<\/p>\n<p><img decoding=\"async\" src=\"http:\/\/farm3.static.flickr.com\/2490\/4114110183_f5eaa19a0f_o.jpg\" alt=\"img\" \/><\/p>\n","protected":false},"excerpt":{"rendered":"<div class=\"mh-excerpt\"><p>Lo que sigue es un peque\u00f1o ejemplo de lo que pueden dar de s\u00ed unas sencillas hojas oto\u00f1ales tras pasar por las manos de un <a class=\"mh-excerpt-more\" href=\"https:\/\/alpoma.net\/carto\/?p=1100\" title=\"Bio-Diversity, abstracciones de Christoph Niemann\">[&#8230;]<\/a><\/p>\n<\/div>","protected":false},"author":1,"featured_media":5166,"comment_status":"open","ping_status":"open","sticky":false,"template":"","format":"standard","meta":{"jetpack_post_was_ever_published":false,"_jetpack_newsletter_access":"","_jetpack_dont_email_post_to_subs":false,"_jetpack_newsletter_tier_id":0,"_jetpack_memberships_contains_paywalled_content":false,"_jetpack_memberships_contains_paid_content":false,"footnotes":""},"categories":[1],"tags":[],"class_list":["post-1100","post","type-post","status-publish","format-standard","has-post-thumbnail","hentry","category-general"],"jetpack_featured_media_url":"https:\/\/alpoma.net\/carto\/wp-content\/uploads\/2009\/11\/4114110183_f5eaa19a0f_o.jpg","jetpack_shortlink":"https:\/\/wp.me\/p93Co9-hK","jetpack-related-posts":[{"id":7435,"url":"https:\/\/alpoma.net\/carto\/?p=7435","url_meta":{"origin":1100,"position":0},"title":"Un mapa que localiza m\u00e1s de 300 compa\u00f1\u00edas de tecnolog\u00eda geoespacial","author":"alpoma","date":"agosto 28, 2019","format":false,"excerpt":"El t\u00edtulo lo dice todo, no es ni m\u00e1s ni menos que eso. Y mola un mont\u00f3n. Hace varios d\u00edas Christoph Rieke public\u00f3 en su cuenta de Twitter un proyecto para localizar empresas dedicadas al mundo de la geom\u00e1tica, los sistemas de informaci\u00f3n geogr\u00e1fica y, en general, aquellas dedicadas a\u2026","rel":"","context":"En \u00abEn l\u00ednea\u00bb","block_context":{"text":"En l\u00ednea","link":"https:\/\/alpoma.net\/carto\/?cat=5"},"img":{"alt_text":"","src":"https:\/\/i0.wp.com\/alpoma.net\/carto\/wp-content\/uploads\/2019\/08\/geocpomps-2.png?resize=350%2C200&ssl=1","width":350,"height":200,"srcset":"https:\/\/i0.wp.com\/alpoma.net\/carto\/wp-content\/uploads\/2019\/08\/geocpomps-2.png?resize=350%2C200&ssl=1 1x, https:\/\/i0.wp.com\/alpoma.net\/carto\/wp-content\/uploads\/2019\/08\/geocpomps-2.png?resize=525%2C300&ssl=1 1.5x, https:\/\/i0.wp.com\/alpoma.net\/carto\/wp-content\/uploads\/2019\/08\/geocpomps-2.png?resize=700%2C400&ssl=1 2x"},"classes":[]},{"id":277,"url":"https:\/\/alpoma.net\/carto\/?p=277","url_meta":{"origin":1100,"position":1},"title":"GIS Day 2006","author":"alpoma","date":"noviembre 15, 2006","format":false,"excerpt":"Por lo visto, tiene que haber un d\u00eda para todo. Hoy, 15 de Noviembre, se celebra el GIS Day, o lo que es lo mismo, un d\u00eda para \"celebrar\" y descubrir todo lo relacionado con los Sistemas de Informaci\u00f3n Geogr\u00e1fica (GIS o SIG): Todo lo relacionado con este d\u00eda: GIS\u2026","rel":"","context":"En \u00abMiscel\u00e1nea\u00bb","block_context":{"text":"Miscel\u00e1nea","link":"https:\/\/alpoma.net\/carto\/?cat=1"},"img":{"alt_text":"","src":"","width":0,"height":0},"classes":[]},{"id":1284,"url":"https:\/\/alpoma.net\/carto\/?p=1284","url_meta":{"origin":1100,"position":2},"title":"Open Layers, \u00bfpor qu\u00e9 no poner un mapa en tu web?","author":"alpoma","date":"enero 30, 2010","format":false,"excerpt":"Una vez m\u00e1s, me quito el sombrero ante Jorge Sanz y sus compa\u00f1eros. Si me hubiera puesto yo mismo a explicar lo que es, y lo que se puede hacer, con Open Layers, hubiera hecho lo de siempre, esto es, emborronar un mont\u00f3n de p\u00e1rrafos virtuales con centenares de palabras.\u2026","rel":"","context":"En \u00abSIG\u00bb","block_context":{"text":"SIG","link":"https:\/\/alpoma.net\/carto\/?cat=2"},"img":{"alt_text":"","src":"","width":0,"height":0},"classes":[]},{"id":6216,"url":"https:\/\/alpoma.net\/carto\/?p=6216","url_meta":{"origin":1100,"position":3},"title":"Un plano del siglo IX","author":"alpoma","date":"septiembre 7, 2015","format":false,"excerpt":"Le\u00eda all\u00e1 a finales de julio con asombro acerca de cierto plano de arquitect\u00f3nico que data de principios del siglo IX gracias a una anotaci\u00f3n publicada en NosoloSIG. Se afirma ah\u00ed que, muy posiblemente, se trate del plano m\u00e1s antiguo de entre los conservados actualmente. Seguramente lo sea, al menos\u2026","rel":"","context":"En \u00abViejos mapas\u00bb","block_context":{"text":"Viejos mapas","link":"https:\/\/alpoma.net\/carto\/?cat=4"},"img":{"alt_text":"","src":"https:\/\/i0.wp.com\/alpoma.net\/carto\/wp-content\/uploads\/2015\/09\/saint_gall_cabecera_cartoteca.jpg?resize=350%2C200&ssl=1","width":350,"height":200,"srcset":"https:\/\/i0.wp.com\/alpoma.net\/carto\/wp-content\/uploads\/2015\/09\/saint_gall_cabecera_cartoteca.jpg?resize=350%2C200&ssl=1 1x, https:\/\/i0.wp.com\/alpoma.net\/carto\/wp-content\/uploads\/2015\/09\/saint_gall_cabecera_cartoteca.jpg?resize=525%2C300&ssl=1 1.5x, https:\/\/i0.wp.com\/alpoma.net\/carto\/wp-content\/uploads\/2015\/09\/saint_gall_cabecera_cartoteca.jpg?resize=700%2C400&ssl=1 2x"},"classes":[]},{"id":2255,"url":"https:\/\/alpoma.net\/carto\/?p=2255","url_meta":{"origin":1100,"position":4},"title":"Imago Pyrenaei: Atlas Hist\u00f3rico de los Pirineos en la antig\u00fcedad","author":"alpoma","date":"enero 19, 2011","format":false,"excerpt":"Es todo un placer mencionar este proyecto, nacido recientemente, que pretende emprender una tarea nada sencilla, como es el intento de cartografiar en el espacio geogr\u00e1fico de los Pirineos en la antig\u00fcedad. La mejor forma de entender la ambici\u00f3n con que nace Imago Pyrenaei es acudir a la propia presentaci\u00f3n\u2026","rel":"","context":"En \u00abGeograf\u00eda\u00bb","block_context":{"text":"Geograf\u00eda","link":"https:\/\/alpoma.net\/carto\/?cat=7"},"img":{"alt_text":"imago_pyrenaei","src":"https:\/\/i0.wp.com\/farm6.static.flickr.com\/5128\/5369927640_a01f297bd9_o.jpg?resize=350%2C200","width":350,"height":200,"srcset":"https:\/\/i0.wp.com\/farm6.static.flickr.com\/5128\/5369927640_a01f297bd9_o.jpg?resize=350%2C200 1x, https:\/\/i0.wp.com\/farm6.static.flickr.com\/5128\/5369927640_a01f297bd9_o.jpg?resize=525%2C300 1.5x"},"classes":[]},{"id":853,"url":"https:\/\/alpoma.net\/carto\/?p=853","url_meta":{"origin":1100,"position":5},"title":"Dibujando con mapas","author":"alpoma","date":"julio 16, 2009","format":false,"excerpt":"Lo que discurren algunos con tal de jugar con mapas. La verdad es que ingenio no falta en esta aplicaci\u00f3n online. \u00bfPara qu\u00e9 sirve? Para nada, salvo pasar un rato divertido, \u00bfacaso hace falta algo m\u00e1s? La idea es muy sencilla, t\u00f3mense 28 cuadrados, en el interior de cada uno\u2026","rel":"","context":"En \u00abEn l\u00ednea\u00bb","block_context":{"text":"En l\u00ednea","link":"https:\/\/alpoma.net\/carto\/?cat=5"},"img":{"alt_text":"","src":"https:\/\/i0.wp.com\/alpoma.net\/carto\/wp-content\/uploads\/2009\/07\/3727308412_d3abc31587_o.jpg?resize=350%2C200&ssl=1","width":350,"height":200,"srcset":"https:\/\/i0.wp.com\/alpoma.net\/carto\/wp-content\/uploads\/2009\/07\/3727308412_d3abc31587_o.jpg?resize=350%2C200&ssl=1 1x, https:\/\/i0.wp.com\/alpoma.net\/carto\/wp-content\/uploads\/2009\/07\/3727308412_d3abc31587_o.jpg?resize=525%2C300&ssl=1 1.5x"},"classes":[]}],"jetpack_sharing_enabled":true,"_links":{"self":[{"href":"https:\/\/alpoma.net\/carto\/index.php?rest_route=\/wp\/v2\/posts\/1100","targetHints":{"allow":["GET"]}}],"collection":[{"href":"https:\/\/alpoma.net\/carto\/index.php?rest_route=\/wp\/v2\/posts"}],"about":[{"href":"https:\/\/alpoma.net\/carto\/index.php?rest_route=\/wp\/v2\/types\/post"}],"author":[{"embeddable":true,"href":"https:\/\/alpoma.net\/carto\/index.php?rest_route=\/wp\/v2\/users\/1"}],"replies":[{"embeddable":true,"href":"https:\/\/alpoma.net\/carto\/index.php?rest_route=%2Fwp%2Fv2%2Fcomments&post=1100"}],"version-history":[{"count":0,"href":"https:\/\/alpoma.net\/carto\/index.php?rest_route=\/wp\/v2\/posts\/1100\/revisions"}],"wp:featuredmedia":[{"embeddable":true,"href":"https:\/\/alpoma.net\/carto\/index.php?rest_route=\/wp\/v2\/media\/5166"}],"wp:attachment":[{"href":"https:\/\/alpoma.net\/carto\/index.php?rest_route=%2Fwp%2Fv2%2Fmedia&parent=1100"}],"wp:term":[{"taxonomy":"category","embeddable":true,"href":"https:\/\/alpoma.net\/carto\/index.php?rest_route=%2Fwp%2Fv2%2Fcategories&post=1100"},{"taxonomy":"post_tag","embeddable":true,"href":"https:\/\/alpoma.net\/carto\/index.php?rest_route=%2Fwp%2Fv2%2Ftags&post=1100"}],"curies":[{"name":"wp","href":"https:\/\/api.w.org\/{rel}","templated":true}]}}